{"id":6245,"date":"2017-09-22T11:03:19","date_gmt":"2017-09-22T11:03:19","guid":{"rendered":"https:\/\/schwertkampf-sekol.org\/?p=6245"},"modified":"2024-08-10T10:53:18","modified_gmt":"2024-08-10T10:53:18","slug":"2017-das-schwert-hat-eine-seele","status":"publish","type":"post","link":"http:\/\/schwertkampf-sekol.org\/sl\/2017-das-schwert-hat-eine-seele\/","title":{"rendered":"Me\u010d ima svojo du\u0161o"},"content":{"rendered":"<div data-elementor-type=\"wp-post\" data-elementor-id=\"6245\" class=\"elementor elementor-6245\">\n\t\t\t\t<div class=\"elementor-element elementor-element-3719e87 e-flex e-con-boxed wpr-particle-no wpr-jarallax-no wpr-parallax-no wpr-sticky-section-no wpr-equal-height-no e-con e-parent\" data-id=\"3719e87\" data-element_type=\"container\" data-e-type=\"container\">\n\t\t\t\t\t<div class=\"e-con-inner\">\n\t\t\t\t<div class=\"elementor-element elementor-element-e0c476f elementor-widget elementor-widget-image\" data-id=\"e0c476f\" data-element_type=\"widget\" data-e-type=\"widget\" data-widget_type=\"image.default\">\n\t\t\t\t<div class=\"elementor-widget-container\">\n\t\t\t\t\t\t\t\t\t\t\t\t\t\t\t<img fetchpriority=\"high\" decoding=\"async\" width=\"606\" height=\"851\" src=\"http:\/\/schwertkampf-sekol.org\/wp-content\/uploads\/2023\/09\/jana.jpg\" class=\"attachment-large size-large wp-image-1208\" alt=\"Titelblatt der Zeitschrift Jana mit Sebastijan Sekol.\" srcset=\"http:\/\/schwertkampf-sekol.org\/wp-content\/uploads\/2023\/09\/jana.jpg 606w, http:\/\/schwertkampf-sekol.org\/wp-content\/uploads\/2023\/09\/jana-214x300.jpg 214w\" sizes=\"(max-width: 606px) 100vw, 606px\" title=\"\">\t\t\t\t\t\t\t\t\t\t\t\t\t\t\t<\/div>\n\t\t\t\t<\/div>\n\t\t\t\t<div class=\"elementor-element elementor-element-f75df76 elementor-widget elementor-widget-text-editor\" data-id=\"f75df76\" data-element_type=\"widget\" data-e-type=\"widget\" data-widget_type=\"text-editor.default\">\n\t\t\t\t<div class=\"elementor-widget-container\">\n\t\t\t\t\t\t\t\t\t<h1>Das Schwert hat eine Seele.<\/h1>\n<h1><span style=\"color: var(--ast-global-color-2); font-size: 2.26667rem; font-style: inherit; text-align: var(--text-align); background-color: var(--ast-global-color-5);\">Magazin Jana<\/span><\/h1>\n<p>\u010clanek osvetljuje vadbo Iaido v Sloveniji, s poudarkom na dru\u0161tvu Me\u010devanje Sekol, ki ga vodi Sebastijan Sekol. Iaido, japonska borilna ve\u0161\u010dina, se osredoto\u010da na hitro vle\u010denje me\u010da. Dru\u0161tvo vadi slog Muso Jikiden Eishin Ryu in pri vadbi poudarja du\u0161evni in telesni razvoj. Sekol pojasnjuje pomen koncentracije, natan\u010dnosti in spo\u0161tovanja pri vadbi. Pri vadbi se uporabljajo razli\u010dne vrste me\u010dev, mo\u017ena pa so tudi tekmovanja. \u010clanek se zaklju\u010di z omembo vse ve\u010dje priljubljenosti iaidoja v Sloveniji.<\/p>\n<p>Vir:&nbsp;<a href=\"https:\/\/govorise.metropolitan.si\/zanimivosti\/samuraji-v-sloveniji-mec-ima-svojo-duso\/\" rel=\"nofollow noopener\" target=\"_blank\">https:\/\/govorise.metropolitan.si\/zanimivosti\/samuraji-v-sloveniji-mec-ima-svojo-duso\/&nbsp;<\/a><\/p>\t\t\t\t\t\t\t\t<\/div>\n\t\t\t\t<\/div>\n\t\t\t\t\t<\/div>\n\t\t\t\t<\/div>\n\t\t\t\t<\/div>","protected":false},"excerpt":{"rendered":"<p>Das Schwert hat eine Seele. Magazin Jana Der Artikel beleuchtet die Iaido-Praxis in Slowenien, mit Fokus auf den Verein Schwertkampf Sekol unter Leitung von Sebastijan Sekol. Iaido, eine japanische Kampfkunst, konzentriert sich auf das schnelle Schwertziehen. Der Verein \u00fcbt den Muso Jikiden Eishin Ryu Stil und betont die geistige und k\u00f6rperliche Entwicklung durch das Training. Sekol erl\u00e4utert die Wichtigkeit von Konzentration, Pr\u00e4zision und Respekt in der Praxis. Verschiedene Schwerttypen werden im Training verwendet, und Wettkampfteilnahmen sind m\u00f6glich. Der Artikel schlie\u00dft mit einem Hinweis auf die zunehmende Beliebtheit von Iaido in Slowenien. Quelle:&nbsp;https:\/\/govorise.metropolitan.si\/zanimivosti\/samuraji-v-sloveniji-mec-ima-svojo-duso\/&nbsp;<\/p>","protected":false},"author":1,"featured_media":1208,"comment_status":"open","ping_status":"open","sticky":false,"template":"","format":"standard","meta":{"site-sidebar-layout":"default","site-content-layout":"","ast-site-content-layout":"default","site-content-style":"default","site-sidebar-style":"default","ast-global-header-display":"","ast-banner-title-visibility":"","ast-main-header-display":"","ast-hfb-above-header-display":"","ast-hfb-below-header-display":"","ast-hfb-mobile-header-display":"","site-post-title":"","ast-breadcrumbs-content":"","ast-featured-img":"","footer-sml-layout":"","ast-disable-related-posts":"","theme-transparent-header-meta":"","adv-header-id-meta":"","stick-header-meta":"","header-above-stick-meta":"","header-main-stick-meta":"","header-below-stick-meta":"","astra-migrate-meta-layouts":"set","ast-page-background-enabled":"default","ast-page-background-meta":{"desktop":{"background-color":"","background-image":"","background-repeat":"repeat","background-position":"center center","background-size":"auto","background-attachment":"scroll","background-type":"","background-media":"","overlay-type":"","overlay-color":"","overlay-opacity":"","overlay-gradient":""},"tablet":{"background-color":"","background-image":"","background-repeat":"repeat","background-position":"center center","background-size":"auto","background-attachment":"scroll","background-type":"","background-media":"","overlay-type":"","overlay-color":"","overlay-opacity":"","overlay-gradient":""},"mobile":{"background-color":"","background-image":"","background-repeat":"repeat","background-position":"center center","background-size":"auto","background-attachment":"scroll","background-type":"","background-media":"","overlay-type":"","overlay-color":"","overlay-opacity":"","overlay-gradient":""}},"ast-content-background-meta":{"desktop":{"background-color":"var(--ast-global-color-5)","background-image":"","background-repeat":"repeat","background-position":"center center","background-size":"auto","background-attachment":"scroll","background-type":"","background-media":"","overlay-type":"","overlay-color":"","overlay-opacity":"","overlay-gradient":""},"tablet":{"background-color":"var(--ast-global-color-5)","background-image":"","background-repeat":"repeat","background-position":"center center","background-size":"auto","background-attachment":"scroll","background-type":"","background-media":"","overlay-type":"","overlay-color":"","overlay-opacity":"","overlay-gradient":""},"mobile":{"background-color":"var(--ast-global-color-5)","background-image":"","background-repeat":"repeat","background-position":"center center","background-size":"auto","background-attachment":"scroll","background-type":"","background-media":"","overlay-type":"","overlay-color":"","overlay-opacity":"","overlay-gradient":""}},"footnotes":""},"categories":[51],"tags":[],"class_list":["post-6245","post","type-post","status-publish","format-standard","has-post-thumbnail","hentry","category-medien"],"_links":{"self":[{"href":"http:\/\/schwertkampf-sekol.org\/sl\/wp-json\/wp\/v2\/posts\/6245","targetHints":{"allow":["GET"]}}],"collection":[{"href":"http:\/\/schwertkampf-sekol.org\/sl\/wp-json\/wp\/v2\/posts"}],"about":[{"href":"http:\/\/schwertkampf-sekol.org\/sl\/wp-json\/wp\/v2\/types\/post"}],"author":[{"embeddable":true,"href":"http:\/\/schwertkampf-sekol.org\/sl\/wp-json\/wp\/v2\/users\/1"}],"replies":[{"embeddable":true,"href":"http:\/\/schwertkampf-sekol.org\/sl\/wp-json\/wp\/v2\/comments?post=6245"}],"version-history":[{"count":13,"href":"http:\/\/schwertkampf-sekol.org\/sl\/wp-json\/wp\/v2\/posts\/6245\/revisions"}],"predecessor-version":[{"id":7116,"href":"http:\/\/schwertkampf-sekol.org\/sl\/wp-json\/wp\/v2\/posts\/6245\/revisions\/7116"}],"wp:featuredmedia":[{"embeddable":true,"href":"http:\/\/schwertkampf-sekol.org\/sl\/wp-json\/wp\/v2\/media\/1208"}],"wp:attachment":[{"href":"http:\/\/schwertkampf-sekol.org\/sl\/wp-json\/wp\/v2\/media?parent=6245"}],"wp:term":[{"taxonomy":"category","embeddable":true,"href":"http:\/\/schwertkampf-sekol.org\/sl\/wp-json\/wp\/v2\/categories?post=6245"},{"taxonomy":"post_tag","embeddable":true,"href":"http:\/\/schwertkampf-sekol.org\/sl\/wp-json\/wp\/v2\/tags?post=6245"}],"curies":[{"name":"wp","href":"https:\/\/api.w.org\/{rel}","templated":true}]}}